{"id":1642,"date":"2015-04-28T11:18:26","date_gmt":"2015-04-28T09:18:26","guid":{"rendered":"http:\/\/www.tsg.tu-ilmenau.de\/wordpress\/?p=1642"},"modified":"2015-04-28T11:18:26","modified_gmt":"2015-04-28T09:18:26","slug":"ende-der-hallenbadsaison-ab-4-mai-2015","status":"publish","type":"post","link":"https:\/\/www.tsg.tu-ilmenau.de\/wordpress\/2015\/04\/28\/ende-der-hallenbadsaison-ab-4-mai-2015\/","title":{"rendered":"Ende der Hallenbadsaison ab 4. Mai 2015"},"content":{"rendered":"<p style=\"text-align: center;\">Die Schwimmhalle ist ab Montag, 4. Mai, in der Sommerpause.<\/p>\n<p style=\"text-align: center;\">Das Freibad wird erst bei einer Stabilisierung der Au\u00dfentemperaturen f\u00fcr die Allgemeinheit ge\u00f6ffnet; bis dahin wird unser Training montags und mittwochs (aber nicht mehr samstags) ab 18:00 Uhr bei reduzierter Wassertemperatur stattfinden &#8212; bringt also unbedingt einen Anzug mit!<\/p>\n<p style=\"text-align: center;\">Noch ausstehenden Pr\u00fcfungen f\u00fcr alle Teilnehmer des Tauchkurses finden ab 18. Mai statt (nach unserer Vereinsfahrt).<\/p>\n","protected":false},"excerpt":{"rendered":"<p>Die Schwimmhalle ist ab Montag, 4. Mai, in der Sommerpause. Das Freibad wird erst bei einer Stabilisierung der Au\u00dfentemperaturen f\u00fcr die Allgemeinheit ge\u00f6ffnet; bis dahin wird unser Training montags und mittwochs (aber nicht mehr samstags) ab 18:00 Uhr bei reduzierter Wassertemperatur stattfinden &#8212; bringt also unbedingt einen Anzug mit! Noch ausstehenden Pr\u00fcfungen f\u00fcr alle Teilnehmer des Tauchkurses finden ab 18&#8230;. <a href=\"https:\/\/www.tsg.tu-ilmenau.de\/wordpress\/2015\/04\/28\/ende-der-hallenbadsaison-ab-4-mai-2015\/\">Read more &raquo;<\/a><\/p>\n","protected":false},"author":2,"featured_media":0,"comment_status":"closed","ping_status":"closed","sticky":false,"template":"","format":"standard","meta":{"ngg_post_thumbnail":0,"footnotes":""},"categories":[11,2],"tags":[],"class_list":["post-1642","post","type-post","status-publish","format-standard","hentry","category-ausbildung","category-training"],"_links":{"self":[{"href":"https:\/\/www.tsg.tu-ilmenau.de\/wordpress\/wp-json\/wp\/v2\/posts\/1642","targetHints":{"allow":["GET"]}}],"collection":[{"href":"https:\/\/www.tsg.tu-ilmenau.de\/wordpress\/wp-json\/wp\/v2\/posts"}],"about":[{"href":"https:\/\/www.tsg.tu-ilmenau.de\/wordpress\/wp-json\/wp\/v2\/types\/post"}],"author":[{"embeddable":true,"href":"https:\/\/www.tsg.tu-ilmenau.de\/wordpress\/wp-json\/wp\/v2\/users\/2"}],"replies":[{"embeddable":true,"href":"https:\/\/www.tsg.tu-ilmenau.de\/wordpress\/wp-json\/wp\/v2\/comments?post=1642"}],"version-history":[{"count":1,"href":"https:\/\/www.tsg.tu-ilmenau.de\/wordpress\/wp-json\/wp\/v2\/posts\/1642\/revisions"}],"predecessor-version":[{"id":1644,"href":"https:\/\/www.tsg.tu-ilmenau.de\/wordpress\/wp-json\/wp\/v2\/posts\/1642\/revisions\/1644"}],"wp:attachment":[{"href":"https:\/\/www.tsg.tu-ilmenau.de\/wordpress\/wp-json\/wp\/v2\/media?parent=1642"}],"wp:term":[{"taxonomy":"category","embeddable":true,"href":"https:\/\/www.tsg.tu-ilmenau.de\/wordpress\/wp-json\/wp\/v2\/categories?post=1642"},{"taxonomy":"post_tag","embeddable":true,"href":"https:\/\/www.tsg.tu-ilmenau.de\/wordpress\/wp-json\/wp\/v2\/tags?post=1642"}],"curies":[{"name":"wp","href":"https:\/\/api.w.org\/{rel}","templated":true}]}}