{"id":3973,"date":"2019-07-02T18:00:54","date_gmt":"2019-07-02T16:00:54","guid":{"rendered":"https:\/\/www.tsg.tu-ilmenau.de\/wordpress\/?p=3973"},"modified":"2019-07-02T18:00:54","modified_gmt":"2019-07-02T16:00:54","slug":"sommerwettkampf-2019","status":"publish","type":"post","link":"https:\/\/www.tsg.tu-ilmenau.de\/wordpress\/2019\/07\/02\/sommerwettkampf-2019\/","title":{"rendered":"Sommerwettkampf 2019"},"content":{"rendered":"<p style=\"text-align: center;\">Liebe Taucherinnen und Taucher,<br \/>\nes ist wieder soweit: vom 23.08.2019-25.08.2019 findet im Freibad Hammergrund unser traditioneller Sommerwettkampf statt.<\/p>\n<p style=\"text-align: center;\">Wir brauchen nat\u00fcrlich wieder tatkr\u00e4ftige Unterst\u00fctzung. Das geht mit dem Zeltaufbau am Mittwoch, dem 21.08.2019, ab 18.00 Uhr los. Danach wird tatkr\u00e4ftige Unterst\u00fctzung beim Transport von Material am Donnerstag und Freitag&nbsp;und schlu\u00dfendlich auch beim Zeltabbau am Sonntag und\/oder ggf. Montag ben\u00f6tigt.<\/p>\n<p style=\"text-align: center;\">W\u00e4hrend der Wettkampftage gibt es die Aufgaben als Zeitnehmer, Wendenrichter, Zielrichter, Sprecher und &#8220;Kompressorbediener&#8221;.<br \/>\nDamit das ein bisschen koordinierter abl\u00e4uft, gibt es hier eine Liste, in der man sich zu den Aufgaben zu festen Zeiten eintragen kann<br \/>\n(Mehrfacheintragungen &#8230; sind erw\u00fcnscht).<\/p>\n<p style=\"text-align: center;\">Ich hoffe, ihr macht regen Gebrauch und wir sehen uns dann sp\u00e4testens am Freitag zur Er\u00f6ffnung (oder fr\u00fcher zum Zeltaufbau).<\/p>\n<p style=\"text-align: center;\">Die Versorgungsaufgaben werden gr\u00f6\u00dftenteils von den Eltern unserer Fin-Swimming-Kinder und &#8211; Jugendlichen \u00fcbernommen. Sicher ist da aber<br \/>\nauch Hilfe willkommen (z.B. beim Austragen der Getr\u00e4nke und Br\u00f6tchen und&nbsp; beim Br\u00e4teln &#8230;)<br \/>\nEs gibt genug zu tun ..<\/p>\n<p style=\"text-align: center;\"><strong>Helferliste:<\/strong> (Bitte bis zur letzen Option durchgehen und Name und Emailadresse eintragen!)<\/p>\n<p style=\"text-align: center;\">[SURVEYS 13]<\/p>\n","protected":false},"excerpt":{"rendered":"<p>Liebe Taucherinnen und Taucher, es ist wieder soweit: vom 23.08.2019-25.08.2019 findet im Freibad Hammergrund unser traditioneller Sommerwettkampf statt. Wir brauchen nat\u00fcrlich wieder tatkr\u00e4ftige Unterst\u00fctzung. Das geht mit dem Zeltaufbau am Mittwoch, dem 21.08.2019, ab 18.00 Uhr los. Danach wird tatkr\u00e4ftige Unterst\u00fctzung beim Transport von Material am Donnerstag und Freitag&nbsp;und schlu\u00dfendlich auch beim Zeltabbau am Sonntag und\/oder ggf. Montag ben\u00f6tigt. W\u00e4hrend&#8230; <a href=\"https:\/\/www.tsg.tu-ilmenau.de\/wordpress\/2019\/07\/02\/sommerwettkampf-2019\/\">Read more &raquo;<\/a><\/p>\n","protected":false},"author":2,"featured_media":0,"comment_status":"closed","ping_status":"closed","sticky":false,"template":"","format":"standard","meta":{"ngg_post_thumbnail":0,"footnotes":""},"categories":[4,10,3],"tags":[],"class_list":["post-3973","post","type-post","status-publish","format-standard","hentry","category-flossenschwimmen","category-vereinsleben","category-wettkampf"],"_links":{"self":[{"href":"https:\/\/www.tsg.tu-ilmenau.de\/wordpress\/wp-json\/wp\/v2\/posts\/3973","targetHints":{"allow":["GET"]}}],"collection":[{"href":"https:\/\/www.tsg.tu-ilmenau.de\/wordpress\/wp-json\/wp\/v2\/posts"}],"about":[{"href":"https:\/\/www.tsg.tu-ilmenau.de\/wordpress\/wp-json\/wp\/v2\/types\/post"}],"author":[{"embeddable":true,"href":"https:\/\/www.tsg.tu-ilmenau.de\/wordpress\/wp-json\/wp\/v2\/users\/2"}],"replies":[{"embeddable":true,"href":"https:\/\/www.tsg.tu-ilmenau.de\/wordpress\/wp-json\/wp\/v2\/comments?post=3973"}],"version-history":[{"count":1,"href":"https:\/\/www.tsg.tu-ilmenau.de\/wordpress\/wp-json\/wp\/v2\/posts\/3973\/revisions"}],"predecessor-version":[{"id":3975,"href":"https:\/\/www.tsg.tu-ilmenau.de\/wordpress\/wp-json\/wp\/v2\/posts\/3973\/revisions\/3975"}],"wp:attachment":[{"href":"https:\/\/www.tsg.tu-ilmenau.de\/wordpress\/wp-json\/wp\/v2\/media?parent=3973"}],"wp:term":[{"taxonomy":"category","embeddable":true,"href":"https:\/\/www.tsg.tu-ilmenau.de\/wordpress\/wp-json\/wp\/v2\/categories?post=3973"},{"taxonomy":"post_tag","embeddable":true,"href":"https:\/\/www.tsg.tu-ilmenau.de\/wordpress\/wp-json\/wp\/v2\/tags?post=3973"}],"curies":[{"name":"wp","href":"https:\/\/api.w.org\/{rel}","templated":true}]}}