{"id":4975,"date":"2023-10-12T15:29:12","date_gmt":"2023-10-12T13:29:12","guid":{"rendered":"https:\/\/www.tsg.tu-ilmenau.de\/wordpress\/?p=4975"},"modified":"2023-10-12T15:29:12","modified_gmt":"2023-10-12T13:29:12","slug":"beginn-tauchkurs-ws23-24-am-18-10-2023","status":"publish","type":"post","link":"https:\/\/www.tsg.tu-ilmenau.de\/wordpress\/2023\/10\/12\/beginn-tauchkurs-ws23-24-am-18-10-2023\/","title":{"rendered":"Beginn Tauchkurs WS23\/24 am 18.10.2023"},"content":{"rendered":"<p style=\"text-align: center;\">unser diesj\u00e4hriger Tauchkurs startet am 18.10.2023 um 19:00 Uhr mit einer Einf\u00fchrungs- und Informationsveranstaltung im Seminarraum Humboldtbau HU012 (Sockel-\/Untergeschoss). Alle Interessierten sind dazu herzlich eingeladen!<\/p>\n<p style=\"text-align: center;\">Im Rahmen der Veranstaltung informieren wir \u00fcber Inhalte des Kurses, Termine, weitere Qualifikationsm\u00f6glichkeiten, gesundheitliche Voraussetzungen, Ausr\u00fcstung und Kosten des Lehrgangs.<\/p>\n","protected":false},"excerpt":{"rendered":"<p>unser diesj\u00e4hriger Tauchkurs startet am 18.10.2023 um 19:00 Uhr mit einer Einf\u00fchrungs- und Informationsveranstaltung im Seminarraum Humboldtbau HU012 (Sockel-\/Untergeschoss). Alle Interessierten sind dazu herzlich eingeladen! Im Rahmen der Veranstaltung informieren wir \u00fcber Inhalte des Kurses, Termine, weitere Qualifikationsm\u00f6glichkeiten, gesundheitliche Voraussetzungen, Ausr\u00fcstung und Kosten des Lehrgangs.<\/p>\n","protected":false},"author":2,"featured_media":0,"comment_status":"closed","ping_status":"closed","sticky":false,"template":"","format":"standard","meta":{"ngg_post_thumbnail":0,"footnotes":""},"categories":[11],"tags":[],"class_list":["post-4975","post","type-post","status-publish","format-standard","hentry","category-ausbildung"],"_links":{"self":[{"href":"https:\/\/www.tsg.tu-ilmenau.de\/wordpress\/wp-json\/wp\/v2\/posts\/4975","targetHints":{"allow":["GET"]}}],"collection":[{"href":"https:\/\/www.tsg.tu-ilmenau.de\/wordpress\/wp-json\/wp\/v2\/posts"}],"about":[{"href":"https:\/\/www.tsg.tu-ilmenau.de\/wordpress\/wp-json\/wp\/v2\/types\/post"}],"author":[{"embeddable":true,"href":"https:\/\/www.tsg.tu-ilmenau.de\/wordpress\/wp-json\/wp\/v2\/users\/2"}],"replies":[{"embeddable":true,"href":"https:\/\/www.tsg.tu-ilmenau.de\/wordpress\/wp-json\/wp\/v2\/comments?post=4975"}],"version-history":[{"count":1,"href":"https:\/\/www.tsg.tu-ilmenau.de\/wordpress\/wp-json\/wp\/v2\/posts\/4975\/revisions"}],"predecessor-version":[{"id":4976,"href":"https:\/\/www.tsg.tu-ilmenau.de\/wordpress\/wp-json\/wp\/v2\/posts\/4975\/revisions\/4976"}],"wp:attachment":[{"href":"https:\/\/www.tsg.tu-ilmenau.de\/wordpress\/wp-json\/wp\/v2\/media?parent=4975"}],"wp:term":[{"taxonomy":"category","embeddable":true,"href":"https:\/\/www.tsg.tu-ilmenau.de\/wordpress\/wp-json\/wp\/v2\/categories?post=4975"},{"taxonomy":"post_tag","embeddable":true,"href":"https:\/\/www.tsg.tu-ilmenau.de\/wordpress\/wp-json\/wp\/v2\/tags?post=4975"}],"curies":[{"name":"wp","href":"https:\/\/api.w.org\/{rel}","templated":true}]}}